{"id":9271,"date":"2026-04-30T10:49:17","date_gmt":"2026-04-30T08:49:17","guid":{"rendered":"https:\/\/www.arianegrayhubert.com\/?p=9271"},"modified":"2026-04-30T10:56:15","modified_gmt":"2026-04-30T08:56:15","slug":"azadi-liberte-concert-ariane-gray-hubert-singer-pianist-composer-salon-gustav-mahler","status":"publish","type":"post","link":"https:\/\/www.arianegrayhubert.com\/fr\/azadi-liberte-concert-ariane-gray-hubert-singer-pianist-composer-salon-gustav-mahler\/","title":{"rendered":"AZADI LIBERT\u00c9, Ariane GRAY HUBERT, Concert June 5\/06\/26, 7:30 p.m"},"content":{"rendered":"<p><strong>AZADI LIBERT\u00c9, Ariane GRAY HUBERT, Concert on June 5, 2026 at 7:30 p.m, Paris<\/strong><\/p>\n<p>\u00ab\u00a0AZADI LIBERT\u00c9\u00a0\u00bb is the new musical show created by the singer, concert pianist and composer, Ariane Gray Hubert, who sings, plays and narrates what freedom is today in our world.<\/p>\n<p>We look forward to meeting you very soon on this occasion!<\/p>\n<p>Link for the Ticket Office:\u00a0<a href=\"https:\/\/my.weezevent.com\/azadi-liberte-ariane-gray-hubert-5-juin-2026-19hrs-30\">https:\/\/my.weezevent.com\/azadi-liberte-ariane-gray-hubert-5-juin-2026-19hrs-30<\/a><\/p>\n<p>Venue : Biblioth\u00e8que musicale La Grange &#8211; Fleuret, Salon Gustav Mahler,<\/p>\n<p>11 bis, rue de V\u00e9zelay, 75 008 Paris<\/p>\n<p>Informations : azadiliberte.concert@gmail.com<\/p>\n","protected":false},"excerpt":{"rendered":"<p>AZADI LIBERT\u00c9, Ariane GRAY HUBERT, Concert on June 5, 2026 at 7:30 p.m, Paris \u00ab\u00a0AZADI LIBERT\u00c9\u00a0\u00bb is the new musical show created by the singer, concert pianist and composer, Ariane Gray Hubert, who sings, plays and narrates what freedom is today in our world. We look forward to meeting you very soon on this occasion! [&hellip;]<\/p>\n","protected":false},"author":7,"featured_media":9272,"comment_status":"closed","ping_status":"closed","sticky":false,"template":"","format":"standard","meta":{"footnotes":""},"categories":[45,2,48],"tags":[108,321,139,325,323,326,322,324],"class_list":["post-9271","post","type-post","status-publish","format-standard","has-post-thumbnail","hentry","category-media","category-news","category-press","tag-ariane-gray-hubert","tag-azadi-liberte","tag-composer","tag-concert","tag-freedom","tag-pianist","tag-singer","tag-todays-world"],"yoast_head":"<!-- This site is optimized with the Yoast SEO plugin v27.5 - https:\/\/yoast.com\/product\/yoast-seo-wordpress\/ -->\n<title>AZADI LIBERT\u00c9, Ariane GRAY HUBERT, Concert June 5\/06\/26, 7:30 p.m - ARIANE GRAY HUBERT<\/title>\n<meta name=\"description\" content=\"Azadi Liberte concert Ariane Gray Hubert who sings plays narrates what freedom is in today&#039;s world, save the date 5\/06\/26 Salon Gustav Mahler\" \/>\n<meta name=\"robots\" content=\"index, follow, max-snippet:-1, max-image-preview:large, max-video-preview:-1\" \/>\n<link rel=\"canonical\" href=\"https:\/\/www.arianegrayhubert.com\/fr\/azadi-liberte-concert-ariane-gray-hubert-singer-pianist-composer-salon-gustav-mahler\/\" \/>\n<meta property=\"og:locale\" content=\"fr_FR\" \/>\n<meta property=\"og:type\" content=\"article\" \/>\n<meta property=\"og:title\" content=\"AZADI LIBERT\u00c9, Ariane GRAY HUBERT, Concert June 5\/06\/26, 7:30 p.m - ARIANE GRAY HUBERT\" \/>\n<meta property=\"og:description\" content=\"Azadi Liberte concert Ariane Gray Hubert who sings plays narrates what freedom is in today&#039;s world, save the date 5\/06\/26 Salon Gustav Mahler\" \/>\n<meta property=\"og:url\" content=\"https:\/\/www.arianegrayhubert.com\/fr\/azadi-liberte-concert-ariane-gray-hubert-singer-pianist-composer-salon-gustav-mahler\/\" \/>\n<meta property=\"og:site_name\" content=\"ARIANE GRAY HUBERT\" \/>\n<meta property=\"article:publisher\" content=\"https:\/\/www.facebook.com\/ariane.grayhubert.7\/?viewas=100000686899395\" \/>\n<meta property=\"article:published_time\" content=\"2026-04-30T08:49:17+00:00\" \/>\n<meta property=\"article:modified_time\" content=\"2026-04-30T08:56:15+00:00\" \/>\n<meta property=\"og:image\" content=\"https:\/\/www.arianegrayhubert.com\/wp-content\/uploads\/2026\/04\/4.png\" \/>\n\t<meta property=\"og:image:width\" content=\"1080\" \/>\n\t<meta property=\"og:image:height\" content=\"1080\" \/>\n\t<meta property=\"og:image:type\" content=\"image\/png\" \/>\n<meta name=\"author\" content=\"Gray Hubert Ariane\" \/>\n<meta name=\"twitter:card\" content=\"summary_large_image\" \/>\n<meta name=\"twitter:creator\" content=\"@ArianeArts\" \/>\n<meta name=\"twitter:site\" content=\"@ArianeArts\" \/>\n<meta name=\"twitter:label1\" content=\"\u00c9crit par\" \/>\n\t<meta name=\"twitter:data1\" content=\"Gray Hubert Ariane\" \/>\n\t<meta name=\"twitter:label2\" content=\"Dur\u00e9e de lecture estim\u00e9e\" \/>\n\t<meta name=\"twitter:data2\" content=\"1 minute\" \/>\n<script type=\"application\/ld+json\" class=\"yoast-schema-graph\">{\"@context\":\"https:\\\/\\\/schema.org\",\"@graph\":[{\"@type\":\"Article\",\"@id\":\"https:\\\/\\\/www.arianegrayhubert.com\\\/fr\\\/azadi-liberte-concert-ariane-gray-hubert-singer-pianist-composer-salon-gustav-mahler\\\/#article\",\"isPartOf\":{\"@id\":\"https:\\\/\\\/www.arianegrayhubert.com\\\/fr\\\/azadi-liberte-concert-ariane-gray-hubert-singer-pianist-composer-salon-gustav-mahler\\\/\"},\"author\":{\"name\":\"Gray Hubert Ariane\",\"@id\":\"https:\\\/\\\/www.arianegrayhubert.com\\\/fr\\\/#\\\/schema\\\/person\\\/58ec2349de48d6c277ffd3653fdb8184\"},\"headline\":\"AZADI LIBERT\u00c9, Ariane GRAY HUBERT, Concert June 5\\\/06\\\/26, 7:30 p.m\",\"datePublished\":\"2026-04-30T08:49:17+00:00\",\"dateModified\":\"2026-04-30T08:56:15+00:00\",\"mainEntityOfPage\":{\"@id\":\"https:\\\/\\\/www.arianegrayhubert.com\\\/fr\\\/azadi-liberte-concert-ariane-gray-hubert-singer-pianist-composer-salon-gustav-mahler\\\/\"},\"wordCount\":97,\"publisher\":{\"@id\":\"https:\\\/\\\/www.arianegrayhubert.com\\\/fr\\\/#organization\"},\"image\":{\"@id\":\"https:\\\/\\\/www.arianegrayhubert.com\\\/fr\\\/azadi-liberte-concert-ariane-gray-hubert-singer-pianist-composer-salon-gustav-mahler\\\/#primaryimage\"},\"thumbnailUrl\":\"https:\\\/\\\/www.arianegrayhubert.com\\\/wp-content\\\/uploads\\\/2026\\\/04\\\/4.png\",\"keywords\":[\"ariane gray hubert\",\"Azadi Liberte\",\"composer\",\"concert\",\"freedom\",\"pianist\",\"singer\",\"today's world\"],\"articleSection\":[\"Media\",\"News\",\"Press\"],\"inLanguage\":\"fr-FR\"},{\"@type\":\"WebPage\",\"@id\":\"https:\\\/\\\/www.arianegrayhubert.com\\\/fr\\\/azadi-liberte-concert-ariane-gray-hubert-singer-pianist-composer-salon-gustav-mahler\\\/\",\"url\":\"https:\\\/\\\/www.arianegrayhubert.com\\\/fr\\\/azadi-liberte-concert-ariane-gray-hubert-singer-pianist-composer-salon-gustav-mahler\\\/\",\"name\":\"AZADI LIBERT\u00c9, Ariane GRAY HUBERT, Concert June 5\\\/06\\\/26, 7:30 p.m - ARIANE GRAY HUBERT\",\"isPartOf\":{\"@id\":\"https:\\\/\\\/www.arianegrayhubert.com\\\/fr\\\/#website\"},\"primaryImageOfPage\":{\"@id\":\"https:\\\/\\\/www.arianegrayhubert.com\\\/fr\\\/azadi-liberte-concert-ariane-gray-hubert-singer-pianist-composer-salon-gustav-mahler\\\/#primaryimage\"},\"image\":{\"@id\":\"https:\\\/\\\/www.arianegrayhubert.com\\\/fr\\\/azadi-liberte-concert-ariane-gray-hubert-singer-pianist-composer-salon-gustav-mahler\\\/#primaryimage\"},\"thumbnailUrl\":\"https:\\\/\\\/www.arianegrayhubert.com\\\/wp-content\\\/uploads\\\/2026\\\/04\\\/4.png\",\"datePublished\":\"2026-04-30T08:49:17+00:00\",\"dateModified\":\"2026-04-30T08:56:15+00:00\",\"description\":\"Azadi Liberte concert Ariane Gray Hubert who sings plays narrates what freedom is in today's world, save the date 5\\\/06\\\/26 Salon Gustav Mahler\",\"breadcrumb\":{\"@id\":\"https:\\\/\\\/www.arianegrayhubert.com\\\/fr\\\/azadi-liberte-concert-ariane-gray-hubert-singer-pianist-composer-salon-gustav-mahler\\\/#breadcrumb\"},\"inLanguage\":\"fr-FR\",\"potentialAction\":[{\"@type\":\"ReadAction\",\"target\":[\"https:\\\/\\\/www.arianegrayhubert.com\\\/fr\\\/azadi-liberte-concert-ariane-gray-hubert-singer-pianist-composer-salon-gustav-mahler\\\/\"]}]},{\"@type\":\"ImageObject\",\"inLanguage\":\"fr-FR\",\"@id\":\"https:\\\/\\\/www.arianegrayhubert.com\\\/fr\\\/azadi-liberte-concert-ariane-gray-hubert-singer-pianist-composer-salon-gustav-mahler\\\/#primaryimage\",\"url\":\"https:\\\/\\\/www.arianegrayhubert.com\\\/wp-content\\\/uploads\\\/2026\\\/04\\\/4.png\",\"contentUrl\":\"https:\\\/\\\/www.arianegrayhubert.com\\\/wp-content\\\/uploads\\\/2026\\\/04\\\/4.png\",\"width\":1080,\"height\":1080,\"caption\":\"AZADI LIBERT\u00c9, Ariane GRAY HUBERT Concert\"},{\"@type\":\"BreadcrumbList\",\"@id\":\"https:\\\/\\\/www.arianegrayhubert.com\\\/fr\\\/azadi-liberte-concert-ariane-gray-hubert-singer-pianist-composer-salon-gustav-mahler\\\/#breadcrumb\",\"itemListElement\":[{\"@type\":\"ListItem\",\"position\":1,\"name\":\"Accueil\",\"item\":\"https:\\\/\\\/www.arianegrayhubert.com\\\/fr\\\/\"},{\"@type\":\"ListItem\",\"position\":2,\"name\":\"AZADI LIBERT\u00c9, Ariane GRAY HUBERT, Concert June 5\\\/06\\\/26, 7:30 p.m\"}]},{\"@type\":\"WebSite\",\"@id\":\"https:\\\/\\\/www.arianegrayhubert.com\\\/fr\\\/#website\",\"url\":\"https:\\\/\\\/www.arianegrayhubert.com\\\/fr\\\/\",\"name\":\"ARIANE GRAY HUBERT\",\"description\":\"Chanteuse\",\"publisher\":{\"@id\":\"https:\\\/\\\/www.arianegrayhubert.com\\\/fr\\\/#organization\"},\"potentialAction\":[{\"@type\":\"SearchAction\",\"target\":{\"@type\":\"EntryPoint\",\"urlTemplate\":\"https:\\\/\\\/www.arianegrayhubert.com\\\/fr\\\/?s={search_term_string}\"},\"query-input\":{\"@type\":\"PropertyValueSpecification\",\"valueRequired\":true,\"valueName\":\"search_term_string\"}}],\"inLanguage\":\"fr-FR\"},{\"@type\":\"Organization\",\"@id\":\"https:\\\/\\\/www.arianegrayhubert.com\\\/fr\\\/#organization\",\"name\":\"Ariane Gray Hubert\",\"url\":\"https:\\\/\\\/www.arianegrayhubert.com\\\/fr\\\/\",\"logo\":{\"@type\":\"ImageObject\",\"inLanguage\":\"fr-FR\",\"@id\":\"https:\\\/\\\/www.arianegrayhubert.com\\\/fr\\\/#\\\/schema\\\/logo\\\/image\\\/\",\"url\":\"https:\\\/\\\/www.arianegrayhubert.com\\\/wp-content\\\/uploads\\\/2020\\\/06\\\/logotransparent-bleu.jpg\",\"contentUrl\":\"https:\\\/\\\/www.arianegrayhubert.com\\\/wp-content\\\/uploads\\\/2020\\\/06\\\/logotransparent-bleu.jpg\",\"width\":900,\"height\":201,\"caption\":\"Ariane Gray Hubert\"},\"image\":{\"@id\":\"https:\\\/\\\/www.arianegrayhubert.com\\\/fr\\\/#\\\/schema\\\/logo\\\/image\\\/\"},\"sameAs\":[\"https:\\\/\\\/www.facebook.com\\\/ariane.grayhubert.7\\\/?viewas=100000686899395\",\"https:\\\/\\\/x.com\\\/ArianeArts\"]},{\"@type\":\"Person\",\"@id\":\"https:\\\/\\\/www.arianegrayhubert.com\\\/fr\\\/#\\\/schema\\\/person\\\/58ec2349de48d6c277ffd3653fdb8184\",\"name\":\"Gray Hubert Ariane\",\"image\":{\"@type\":\"ImageObject\",\"inLanguage\":\"fr-FR\",\"@id\":\"https:\\\/\\\/secure.gravatar.com\\\/avatar\\\/6526bd47f68bdb8130dcbaf55f4a52993bb35ec388007b76e89e3d47a4fb3194?s=96&d=mm&r=g\",\"url\":\"https:\\\/\\\/secure.gravatar.com\\\/avatar\\\/6526bd47f68bdb8130dcbaf55f4a52993bb35ec388007b76e89e3d47a4fb3194?s=96&d=mm&r=g\",\"contentUrl\":\"https:\\\/\\\/secure.gravatar.com\\\/avatar\\\/6526bd47f68bdb8130dcbaf55f4a52993bb35ec388007b76e89e3d47a4fb3194?s=96&d=mm&r=g\",\"caption\":\"Gray Hubert Ariane\"},\"url\":\"https:\\\/\\\/www.arianegrayhubert.com\\\/fr\\\/author\\\/arianegrayhubert\\\/\"}]}<\/script>\n<!-- \/ Yoast SEO plugin. -->","yoast_head_json":{"title":"AZADI LIBERT\u00c9, Ariane GRAY HUBERT, Concert June 5\/06\/26, 7:30 p.m - ARIANE GRAY HUBERT","description":"Azadi Liberte concert Ariane Gray Hubert who sings plays narrates what freedom is in today's world, save the date 5\/06\/26 Salon Gustav Mahler","robots":{"index":"index","follow":"follow","max-snippet":"max-snippet:-1","max-image-preview":"max-image-preview:large","max-video-preview":"max-video-preview:-1"},"canonical":"https:\/\/www.arianegrayhubert.com\/fr\/azadi-liberte-concert-ariane-gray-hubert-singer-pianist-composer-salon-gustav-mahler\/","og_locale":"fr_FR","og_type":"article","og_title":"AZADI LIBERT\u00c9, Ariane GRAY HUBERT, Concert June 5\/06\/26, 7:30 p.m - ARIANE GRAY HUBERT","og_description":"Azadi Liberte concert Ariane Gray Hubert who sings plays narrates what freedom is in today's world, save the date 5\/06\/26 Salon Gustav Mahler","og_url":"https:\/\/www.arianegrayhubert.com\/fr\/azadi-liberte-concert-ariane-gray-hubert-singer-pianist-composer-salon-gustav-mahler\/","og_site_name":"ARIANE GRAY HUBERT","article_publisher":"https:\/\/www.facebook.com\/ariane.grayhubert.7\/?viewas=100000686899395","article_published_time":"2026-04-30T08:49:17+00:00","article_modified_time":"2026-04-30T08:56:15+00:00","og_image":[{"width":1080,"height":1080,"url":"https:\/\/www.arianegrayhubert.com\/wp-content\/uploads\/2026\/04\/4.png","type":"image\/png"}],"author":"Gray Hubert Ariane","twitter_card":"summary_large_image","twitter_creator":"@ArianeArts","twitter_site":"@ArianeArts","twitter_misc":{"\u00c9crit par":"Gray Hubert Ariane","Dur\u00e9e de lecture estim\u00e9e":"1 minute"},"schema":{"@context":"https:\/\/schema.org","@graph":[{"@type":"Article","@id":"https:\/\/www.arianegrayhubert.com\/fr\/azadi-liberte-concert-ariane-gray-hubert-singer-pianist-composer-salon-gustav-mahler\/#article","isPartOf":{"@id":"https:\/\/www.arianegrayhubert.com\/fr\/azadi-liberte-concert-ariane-gray-hubert-singer-pianist-composer-salon-gustav-mahler\/"},"author":{"name":"Gray Hubert Ariane","@id":"https:\/\/www.arianegrayhubert.com\/fr\/#\/schema\/person\/58ec2349de48d6c277ffd3653fdb8184"},"headline":"AZADI LIBERT\u00c9, Ariane GRAY HUBERT, Concert June 5\/06\/26, 7:30 p.m","datePublished":"2026-04-30T08:49:17+00:00","dateModified":"2026-04-30T08:56:15+00:00","mainEntityOfPage":{"@id":"https:\/\/www.arianegrayhubert.com\/fr\/azadi-liberte-concert-ariane-gray-hubert-singer-pianist-composer-salon-gustav-mahler\/"},"wordCount":97,"publisher":{"@id":"https:\/\/www.arianegrayhubert.com\/fr\/#organization"},"image":{"@id":"https:\/\/www.arianegrayhubert.com\/fr\/azadi-liberte-concert-ariane-gray-hubert-singer-pianist-composer-salon-gustav-mahler\/#primaryimage"},"thumbnailUrl":"https:\/\/www.arianegrayhubert.com\/wp-content\/uploads\/2026\/04\/4.png","keywords":["ariane gray hubert","Azadi Liberte","composer","concert","freedom","pianist","singer","today's world"],"articleSection":["Media","News","Press"],"inLanguage":"fr-FR"},{"@type":"WebPage","@id":"https:\/\/www.arianegrayhubert.com\/fr\/azadi-liberte-concert-ariane-gray-hubert-singer-pianist-composer-salon-gustav-mahler\/","url":"https:\/\/www.arianegrayhubert.com\/fr\/azadi-liberte-concert-ariane-gray-hubert-singer-pianist-composer-salon-gustav-mahler\/","name":"AZADI LIBERT\u00c9, Ariane GRAY HUBERT, Concert June 5\/06\/26, 7:30 p.m - ARIANE GRAY HUBERT","isPartOf":{"@id":"https:\/\/www.arianegrayhubert.com\/fr\/#website"},"primaryImageOfPage":{"@id":"https:\/\/www.arianegrayhubert.com\/fr\/azadi-liberte-concert-ariane-gray-hubert-singer-pianist-composer-salon-gustav-mahler\/#primaryimage"},"image":{"@id":"https:\/\/www.arianegrayhubert.com\/fr\/azadi-liberte-concert-ariane-gray-hubert-singer-pianist-composer-salon-gustav-mahler\/#primaryimage"},"thumbnailUrl":"https:\/\/www.arianegrayhubert.com\/wp-content\/uploads\/2026\/04\/4.png","datePublished":"2026-04-30T08:49:17+00:00","dateModified":"2026-04-30T08:56:15+00:00","description":"Azadi Liberte concert Ariane Gray Hubert who sings plays narrates what freedom is in today's world, save the date 5\/06\/26 Salon Gustav Mahler","breadcrumb":{"@id":"https:\/\/www.arianegrayhubert.com\/fr\/azadi-liberte-concert-ariane-gray-hubert-singer-pianist-composer-salon-gustav-mahler\/#breadcrumb"},"inLanguage":"fr-FR","potentialAction":[{"@type":"ReadAction","target":["https:\/\/www.arianegrayhubert.com\/fr\/azadi-liberte-concert-ariane-gray-hubert-singer-pianist-composer-salon-gustav-mahler\/"]}]},{"@type":"ImageObject","inLanguage":"fr-FR","@id":"https:\/\/www.arianegrayhubert.com\/fr\/azadi-liberte-concert-ariane-gray-hubert-singer-pianist-composer-salon-gustav-mahler\/#primaryimage","url":"https:\/\/www.arianegrayhubert.com\/wp-content\/uploads\/2026\/04\/4.png","contentUrl":"https:\/\/www.arianegrayhubert.com\/wp-content\/uploads\/2026\/04\/4.png","width":1080,"height":1080,"caption":"AZADI LIBERT\u00c9, Ariane GRAY HUBERT Concert"},{"@type":"BreadcrumbList","@id":"https:\/\/www.arianegrayhubert.com\/fr\/azadi-liberte-concert-ariane-gray-hubert-singer-pianist-composer-salon-gustav-mahler\/#breadcrumb","itemListElement":[{"@type":"ListItem","position":1,"name":"Accueil","item":"https:\/\/www.arianegrayhubert.com\/fr\/"},{"@type":"ListItem","position":2,"name":"AZADI LIBERT\u00c9, Ariane GRAY HUBERT, Concert June 5\/06\/26, 7:30 p.m"}]},{"@type":"WebSite","@id":"https:\/\/www.arianegrayhubert.com\/fr\/#website","url":"https:\/\/www.arianegrayhubert.com\/fr\/","name":"ARIANE GRAY HUBERT","description":"Chanteuse","publisher":{"@id":"https:\/\/www.arianegrayhubert.com\/fr\/#organization"},"potentialAction":[{"@type":"SearchAction","target":{"@type":"EntryPoint","urlTemplate":"https:\/\/www.arianegrayhubert.com\/fr\/?s={search_term_string}"},"query-input":{"@type":"PropertyValueSpecification","valueRequired":true,"valueName":"search_term_string"}}],"inLanguage":"fr-FR"},{"@type":"Organization","@id":"https:\/\/www.arianegrayhubert.com\/fr\/#organization","name":"Ariane Gray Hubert","url":"https:\/\/www.arianegrayhubert.com\/fr\/","logo":{"@type":"ImageObject","inLanguage":"fr-FR","@id":"https:\/\/www.arianegrayhubert.com\/fr\/#\/schema\/logo\/image\/","url":"https:\/\/www.arianegrayhubert.com\/wp-content\/uploads\/2020\/06\/logotransparent-bleu.jpg","contentUrl":"https:\/\/www.arianegrayhubert.com\/wp-content\/uploads\/2020\/06\/logotransparent-bleu.jpg","width":900,"height":201,"caption":"Ariane Gray Hubert"},"image":{"@id":"https:\/\/www.arianegrayhubert.com\/fr\/#\/schema\/logo\/image\/"},"sameAs":["https:\/\/www.facebook.com\/ariane.grayhubert.7\/?viewas=100000686899395","https:\/\/x.com\/ArianeArts"]},{"@type":"Person","@id":"https:\/\/www.arianegrayhubert.com\/fr\/#\/schema\/person\/58ec2349de48d6c277ffd3653fdb8184","name":"Gray Hubert Ariane","image":{"@type":"ImageObject","inLanguage":"fr-FR","@id":"https:\/\/secure.gravatar.com\/avatar\/6526bd47f68bdb8130dcbaf55f4a52993bb35ec388007b76e89e3d47a4fb3194?s=96&d=mm&r=g","url":"https:\/\/secure.gravatar.com\/avatar\/6526bd47f68bdb8130dcbaf55f4a52993bb35ec388007b76e89e3d47a4fb3194?s=96&d=mm&r=g","contentUrl":"https:\/\/secure.gravatar.com\/avatar\/6526bd47f68bdb8130dcbaf55f4a52993bb35ec388007b76e89e3d47a4fb3194?s=96&d=mm&r=g","caption":"Gray Hubert Ariane"},"url":"https:\/\/www.arianegrayhubert.com\/fr\/author\/arianegrayhubert\/"}]}},"_links":{"self":[{"href":"https:\/\/www.arianegrayhubert.com\/fr\/wp-json\/wp\/v2\/posts\/9271","targetHints":{"allow":["GET"]}}],"collection":[{"href":"https:\/\/www.arianegrayhubert.com\/fr\/wp-json\/wp\/v2\/posts"}],"about":[{"href":"https:\/\/www.arianegrayhubert.com\/fr\/wp-json\/wp\/v2\/types\/post"}],"author":[{"embeddable":true,"href":"https:\/\/www.arianegrayhubert.com\/fr\/wp-json\/wp\/v2\/users\/7"}],"replies":[{"embeddable":true,"href":"https:\/\/www.arianegrayhubert.com\/fr\/wp-json\/wp\/v2\/comments?post=9271"}],"version-history":[{"count":5,"href":"https:\/\/www.arianegrayhubert.com\/fr\/wp-json\/wp\/v2\/posts\/9271\/revisions"}],"predecessor-version":[{"id":9280,"href":"https:\/\/www.arianegrayhubert.com\/fr\/wp-json\/wp\/v2\/posts\/9271\/revisions\/9280"}],"wp:featuredmedia":[{"embeddable":true,"href":"https:\/\/www.arianegrayhubert.com\/fr\/wp-json\/wp\/v2\/media\/9272"}],"wp:attachment":[{"href":"https:\/\/www.arianegrayhubert.com\/fr\/wp-json\/wp\/v2\/media?parent=9271"}],"wp:term":[{"taxonomy":"category","embeddable":true,"href":"https:\/\/www.arianegrayhubert.com\/fr\/wp-json\/wp\/v2\/categories?post=9271"},{"taxonomy":"post_tag","embeddable":true,"href":"https:\/\/www.arianegrayhubert.com\/fr\/wp-json\/wp\/v2\/tags?post=9271"}],"curies":[{"name":"wp","href":"https:\/\/api.w.org\/{rel}","templated":true}]}}